{"id":3211,"date":"2026-04-27T09:50:05","date_gmt":"2026-04-27T12:50:05","guid":{"rendered":"https:\/\/plusmultimedios.com\/?p=3211"},"modified":"2026-04-27T09:50:05","modified_gmt":"2026-04-27T12:50:05","slug":"chaco-arranca-la-semana-con-aire-otonal-para-hoy-la-minima-bajara-hasta-los-10-grados","status":"publish","type":"post","link":"https:\/\/plusmultimedios.com\/?p=3211","title":{"rendered":"Chaco arranca la semana con aire oto\u00f1al: Para hoy la m\u00ednima bajar\u00e1 hasta los 10 grados"},"content":{"rendered":"\n<p>El oto\u00f1o empieza a marcar presencia en Chaco y lo har\u00e1 con un cambio de escenario bien marcado desde este lunes 27 de abril. Tras un fin de semana dominado por la humedad y la inestabilidad, el ingreso de una masa de aire fr\u00edo desde el sur provocar\u00e1 un descenso t\u00e9rmico notorio en gran parte de la provincia, con ma\u00f1anas m\u00e1s fr\u00edas y tardes templadas.<\/p>\n\n\n\n<p>El arranque de semana tendr\u00e1 sabor plenamente oto\u00f1al. En Resistencia, la jornada del lunes comenzar\u00e1 con una m\u00ednima cercana a los 12 grados, mientras que en localidades del interior, como S\u00e1enz Pe\u00f1a y Villa \u00c1ngela, no se descarta que los registros bajen hasta los 10 grados e incluso menos en \u00e1reas rurales. La tarde, en tanto, se mantendr\u00e1 fresca y estable, con una m\u00e1xima que rondar\u00e1 los 19 grados y cielo mayormente despejado.<\/p>\n\n\n\n<p>El martes se perfila como el amanecer m\u00e1s fr\u00edo de la semana, con m\u00ednimas generalizadas en torno a los 10 grados en toda la provincia. Sin embargo, el fr\u00edo no se extender\u00e1 demasiado: desde el mi\u00e9rcoles, el viento rotar\u00e1 hacia el este y noreste, favoreciendo un repunte gradual de las temperaturas y devolviendo tardes m\u00e1s agradables, con m\u00e1ximas previstas entre 24 y 26 grados.<\/p>\n\n\n\n<p>De cara al feriado del 1 de mayo, el panorama ser\u00e1 favorable para quienes tengan planes al aire libre. El viernes se presentar\u00e1 con ambiente templado, cielo parcialmente nublado y condiciones en general estables. La ma\u00f1ana ser\u00e1 fresca, ideal para arrancar la jornada con abrigo liviano, mientras que por la tarde la temperatura trepar\u00e1 hasta los 28 grados, en un marco c\u00e1lido y agradable. Hacia la noche podr\u00eda aumentar algo la nubosidad, aunque por el momento no se esperan lluvias de relevancia.<\/p>\n\n\n\n<p>Desde los organismos meteorol\u00f3gicos recomiendan prestar atenci\u00f3n a estos cambios bruscos de temperatura, t\u00edpicos del oto\u00f1o en la regi\u00f3n, ya que suelen favorecer la aparici\u00f3n de cuadros respiratorios. En Resistencia, adem\u00e1s, el viento sur se har\u00e1 sentir durante la madrugada del lunes con velocidades de entre 15 y 30 kil\u00f3metros por hora, lo que acentuar\u00e1 la sensaci\u00f3n de fr\u00edo en las primeras horas del d\u00eda.<\/p>\n","protected":false},"excerpt":{"rendered":"<p>El oto\u00f1o empieza a marcar presencia en Chaco y lo har\u00e1 con un cambio de escenario bien marcado desde este lunes 27 de abril. Tras un fin de semana dominado por la humedad y la inestabilidad, el ingreso de una masa de aire fr\u00edo desde el sur provocar\u00e1 un descenso t\u00e9rmico notorio en gran parte [&hellip;]<\/p>\n","protected":false},"author":2,"featured_media":3212,"comment_status":"closed","ping_status":"closed","sticky":false,"template":"","format":"standard","meta":{"footnotes":""},"categories":[9],"tags":[],"class_list":["post-3211","post","type-post","status-publish","format-standard","has-post-thumbnail","hentry","category-informacion-general"],"_links":{"self":[{"href":"https:\/\/plusmultimedios.com\/index.php?rest_route=\/wp\/v2\/posts\/3211","targetHints":{"allow":["GET"]}}],"collection":[{"href":"https:\/\/plusmultimedios.com\/index.php?rest_route=\/wp\/v2\/posts"}],"about":[{"href":"https:\/\/plusmultimedios.com\/index.php?rest_route=\/wp\/v2\/types\/post"}],"author":[{"embeddable":true,"href":"https:\/\/plusmultimedios.com\/index.php?rest_route=\/wp\/v2\/users\/2"}],"replies":[{"embeddable":true,"href":"https:\/\/plusmultimedios.com\/index.php?rest_route=%2Fwp%2Fv2%2Fcomments&post=3211"}],"version-history":[{"count":1,"href":"https:\/\/plusmultimedios.com\/index.php?rest_route=\/wp\/v2\/posts\/3211\/revisions"}],"predecessor-version":[{"id":3213,"href":"https:\/\/plusmultimedios.com\/index.php?rest_route=\/wp\/v2\/posts\/3211\/revisions\/3213"}],"wp:featuredmedia":[{"embeddable":true,"href":"https:\/\/plusmultimedios.com\/index.php?rest_route=\/wp\/v2\/media\/3212"}],"wp:attachment":[{"href":"https:\/\/plusmultimedios.com\/index.php?rest_route=%2Fwp%2Fv2%2Fmedia&parent=3211"}],"wp:term":[{"taxonomy":"category","embeddable":true,"href":"https:\/\/plusmultimedios.com\/index.php?rest_route=%2Fwp%2Fv2%2Fcategories&post=3211"},{"taxonomy":"post_tag","embeddable":true,"href":"https:\/\/plusmultimedios.com\/index.php?rest_route=%2Fwp%2Fv2%2Ftags&post=3211"}],"curies":[{"name":"wp","href":"https:\/\/api.w.org\/{rel}","templated":true}]}}