{"id":3217,"date":"2026-04-27T12:11:10","date_gmt":"2026-04-27T15:11:10","guid":{"rendered":"https:\/\/plusmultimedios.com\/?p=3217"},"modified":"2026-04-27T12:11:10","modified_gmt":"2026-04-27T15:11:10","slug":"boca-recibe-a-cruzeiro-en-un-duelo-clave-por-la-libertadores-2026","status":"publish","type":"post","link":"https:\/\/plusmultimedios.com\/?p=3217","title":{"rendered":"Boca recibe a Cruzeiro en un duelo clave por la Libertadores 2026"},"content":{"rendered":"\n<p>Boca Juniors volver\u00e1 a salir a escena esta semana por la Copa Libertadores 2026 con una parada exigente en Brasil. El Xeneize visitar\u00e1 este martes a Cruzeiro, en Belo Horizonte, por la tercera fecha del Grupo D, en un duelo que puede marcar el rumbo de ambos en la fase de grupos. El encuentro se jugar\u00e1 desde las 21.30 (hora argentina) en el estadio Mineir\u00e3o.<\/p>\n\n\n\n<p>El conjunto brasile\u00f1o llega con la necesidad de recuperarse luego de la ca\u00edda sufrida en la jornada pasada ante Universidad Cat\u00f3lica por 2 a 1, resultado que lo dej\u00f3 obligado a sumar para no perder terreno en la pelea por la clasificaci\u00f3n. Cruzeiro suma tres puntos y buscar\u00e1 hacerse fuerte en casa para volver a acomodarse en la zona.<\/p>\n\n\n\n<p>Boca, en cambio, atraviesa un presente s\u00f3lido y llega como l\u00edder del grupo con puntaje ideal. El equipo dirigido por Claudio \u00dabeda gan\u00f3 sus dos primeros compromisos en el certamen, primero ante Universidad Cat\u00f3lica en Chile y luego con autoridad frente a Barcelona en La Bombonera.<\/p>\n\n\n\n<p>Adem\u00e1s del buen momento internacional, el Xeneize tambi\u00e9n pisa fuerte en el plano local: viene de golear 4 a 0 a Defensa y Justicia, estir\u00f3 su invicto a 14 partidos y ya asegur\u00f3 su lugar en los octavos de final del Torneo Apertura 2026.<\/p>\n\n\n\n<p>Con confianza, resultados y la ilusi\u00f3n intacta, Boca afrontar\u00e1 en Brasil una prueba clave para encaminar su clasificaci\u00f3n y seguir so\u00f1ando con la s\u00e9ptima Copa Libertadores.<\/p>\n","protected":false},"excerpt":{"rendered":"<p>Boca Juniors volver\u00e1 a salir a escena esta semana por la Copa Libertadores 2026 con una parada exigente en Brasil. El Xeneize visitar\u00e1 este martes a Cruzeiro, en Belo Horizonte, por la tercera fecha del Grupo D, en un duelo que puede marcar el rumbo de ambos en la fase de grupos. El encuentro se [&hellip;]<\/p>\n","protected":false},"author":2,"featured_media":3218,"comment_status":"closed","ping_status":"closed","sticky":false,"template":"","format":"standard","meta":{"footnotes":""},"categories":[7,6],"tags":[],"class_list":["post-3217","post","type-post","status-publish","format-standard","has-post-thumbnail","hentry","category-actualidad","category-deportes"],"_links":{"self":[{"href":"https:\/\/plusmultimedios.com\/index.php?rest_route=\/wp\/v2\/posts\/3217","targetHints":{"allow":["GET"]}}],"collection":[{"href":"https:\/\/plusmultimedios.com\/index.php?rest_route=\/wp\/v2\/posts"}],"about":[{"href":"https:\/\/plusmultimedios.com\/index.php?rest_route=\/wp\/v2\/types\/post"}],"author":[{"embeddable":true,"href":"https:\/\/plusmultimedios.com\/index.php?rest_route=\/wp\/v2\/users\/2"}],"replies":[{"embeddable":true,"href":"https:\/\/plusmultimedios.com\/index.php?rest_route=%2Fwp%2Fv2%2Fcomments&post=3217"}],"version-history":[{"count":1,"href":"https:\/\/plusmultimedios.com\/index.php?rest_route=\/wp\/v2\/posts\/3217\/revisions"}],"predecessor-version":[{"id":3219,"href":"https:\/\/plusmultimedios.com\/index.php?rest_route=\/wp\/v2\/posts\/3217\/revisions\/3219"}],"wp:featuredmedia":[{"embeddable":true,"href":"https:\/\/plusmultimedios.com\/index.php?rest_route=\/wp\/v2\/media\/3218"}],"wp:attachment":[{"href":"https:\/\/plusmultimedios.com\/index.php?rest_route=%2Fwp%2Fv2%2Fmedia&parent=3217"}],"wp:term":[{"taxonomy":"category","embeddable":true,"href":"https:\/\/plusmultimedios.com\/index.php?rest_route=%2Fwp%2Fv2%2Fcategories&post=3217"},{"taxonomy":"post_tag","embeddable":true,"href":"https:\/\/plusmultimedios.com\/index.php?rest_route=%2Fwp%2Fv2%2Ftags&post=3217"}],"curies":[{"name":"wp","href":"https:\/\/api.w.org\/{rel}","templated":true}]}}