{"id":3238,"date":"2026-04-28T09:35:20","date_gmt":"2026-04-28T12:35:20","guid":{"rendered":"https:\/\/plusmultimedios.com\/?p=3238"},"modified":"2026-04-28T09:35:20","modified_gmt":"2026-04-28T12:35:20","slug":"detuvieron-en-general-san-martin-a-un-cuatrero-buscado-por-abigeato-en-presidencia-de-la-plaza","status":"publish","type":"post","link":"https:\/\/plusmultimedios.com\/?p=3238","title":{"rendered":"Detuvieron en General San Mart\u00edn a un cuatrero buscado por abigeato en Presidencia de la Plaza"},"content":{"rendered":"\n<p>Un hombre de 49 a\u00f1os que era intensamente buscado por la Justicia fue detenido este lunes en General San Mart\u00edn, acusado de estar vinculado a una causa por abigeato iniciada en Presidencia de la Plaza. La captura se concret\u00f3 luego de una serie de operativos que permitieron reunir pruebas clave y establecer su paradero.<\/p>\n\n\n\n<p>La investigaci\u00f3n tuvo un avance decisivo el domingo, cuando efectivos de la Secci\u00f3n Rural de Presidencia de la Plaza allanaron una vivienda del barrio 80 Viviendas por orden judicial. Durante el procedimiento, los agentes secuestraron una importante suma de dinero en efectivo, elementos utilizados para identificaci\u00f3n de ganado y objetos considerados de inter\u00e9s para la causa.<\/p>\n\n\n\n<p>Entre los elementos incautados hab\u00eda m\u00e1s de 700 mil pesos, precintos numerados, caravanas del SENASA y un hierro de marca. Sin embargo, lo que m\u00e1s comprometi\u00f3 al sospechoso fue el hallazgo de 36 caravanas electr\u00f3nicas registradas a nombre de otro productor ganadero, una prueba que fortaleci\u00f3 la hip\u00f3tesis de un presunto robo de hacienda.<\/p>\n\n\n\n<p>Tras el allanamiento, el acusado no fue encontrado en el domicilio, por lo que se activ\u00f3 un pedido de aprehensi\u00f3n y comenz\u00f3 una b\u00fasqueda inmediata. A partir de tareas de inteligencia, personal del Departamento de Seguridad Rural de General San Mart\u00edn logr\u00f3 establecer que el hombre se ocultaba dentro de la planta urbana de esa ciudad.<\/p>\n\n\n\n<p>Con esa informaci\u00f3n, este lunes por la tarde se mont\u00f3 un operativo que permiti\u00f3 localizarlo y detenerlo cerca de las 17:20. El hombre fue puesto a disposici\u00f3n de la Fiscal\u00eda Rural y Ambiental, a cargo de la Dra. Noelia Mi\u00f1o, y qued\u00f3 alojado en una dependencia policial mientras avanza la causa judicial en su contra.<\/p>\n","protected":false},"excerpt":{"rendered":"<p>Un hombre de 49 a\u00f1os que era intensamente buscado por la Justicia fue detenido este lunes en General San Mart\u00edn, acusado de estar vinculado a una causa por abigeato iniciada en Presidencia de la Plaza. La captura se concret\u00f3 luego de una serie de operativos que permitieron reunir pruebas clave y establecer su paradero. La [&hellip;]<\/p>\n","protected":false},"author":2,"featured_media":3239,"comment_status":"closed","ping_status":"closed","sticky":false,"template":"","format":"standard","meta":{"footnotes":""},"categories":[7],"tags":[],"class_list":["post-3238","post","type-post","status-publish","format-standard","has-post-thumbnail","hentry","category-actualidad"],"_links":{"self":[{"href":"https:\/\/plusmultimedios.com\/index.php?rest_route=\/wp\/v2\/posts\/3238","targetHints":{"allow":["GET"]}}],"collection":[{"href":"https:\/\/plusmultimedios.com\/index.php?rest_route=\/wp\/v2\/posts"}],"about":[{"href":"https:\/\/plusmultimedios.com\/index.php?rest_route=\/wp\/v2\/types\/post"}],"author":[{"embeddable":true,"href":"https:\/\/plusmultimedios.com\/index.php?rest_route=\/wp\/v2\/users\/2"}],"replies":[{"embeddable":true,"href":"https:\/\/plusmultimedios.com\/index.php?rest_route=%2Fwp%2Fv2%2Fcomments&post=3238"}],"version-history":[{"count":1,"href":"https:\/\/plusmultimedios.com\/index.php?rest_route=\/wp\/v2\/posts\/3238\/revisions"}],"predecessor-version":[{"id":3240,"href":"https:\/\/plusmultimedios.com\/index.php?rest_route=\/wp\/v2\/posts\/3238\/revisions\/3240"}],"wp:featuredmedia":[{"embeddable":true,"href":"https:\/\/plusmultimedios.com\/index.php?rest_route=\/wp\/v2\/media\/3239"}],"wp:attachment":[{"href":"https:\/\/plusmultimedios.com\/index.php?rest_route=%2Fwp%2Fv2%2Fmedia&parent=3238"}],"wp:term":[{"taxonomy":"category","embeddable":true,"href":"https:\/\/plusmultimedios.com\/index.php?rest_route=%2Fwp%2Fv2%2Fcategories&post=3238"},{"taxonomy":"post_tag","embeddable":true,"href":"https:\/\/plusmultimedios.com\/index.php?rest_route=%2Fwp%2Fv2%2Ftags&post=3238"}],"curies":[{"name":"wp","href":"https:\/\/api.w.org\/{rel}","templated":true}]}}