{"id":3244,"date":"2026-04-28T11:44:53","date_gmt":"2026-04-28T14:44:53","guid":{"rendered":"https:\/\/plusmultimedios.com\/?p=3244"},"modified":"2026-04-28T11:44:53","modified_gmt":"2026-04-28T14:44:53","slug":"la-suba-de-combustibles-golpeo-el-consumo-ventas-cayeron-18-en-marzo","status":"publish","type":"post","link":"https:\/\/plusmultimedios.com\/?p=3244","title":{"rendered":"La suba de combustibles golpe\u00f3 el consumo: ventas cayeron 1,8% en marzo"},"content":{"rendered":"\n<p>El mercado de combustibles en Argentina cerr\u00f3 el primer trimestre de 2026 con se\u00f1ales de alerta. Seg\u00fan datos de la Secretar\u00eda de Energ\u00eda analizados por la consultora Politikon Chaco, el consumo total en marzo fue de <strong>1.394.360 m\u00b3<\/strong>, lo que marca una <strong>ca\u00edda interanual del 1,8%<\/strong>.<\/p>\n\n\n\n<p>Este retroceso consolida una tendencia negativa para el inicio del a\u00f1o, acumulando una baja del <strong>1,1%<\/strong> respecto al primer trimestre de 2025.or primera vez en dos a\u00f1os, el segmento de las naftas mostr\u00f3 un desempe\u00f1o m\u00e1s d\u00e9bil que el del gasoil, sugiriendo que el ajuste est\u00e1 golpeando con mayor fuerza al usuario particular.<\/p>\n\n\n\n<ul class=\"wp-block-list\">\n<li><strong>Naftas:<\/strong> Cayeron un <strong>2,4%<\/strong> en total. La mayor p\u00e9rdida se dio en la <strong>nafta s\u00faper (-4,1%)<\/strong>, que no pudo ser compensada por el leve repunte de la <strong>premium (+2,7%)<\/strong>.<\/li>\n\n\n\n<li><strong>Gasoil:<\/strong> Registr\u00f3 una baja menor, del <strong>1,1%<\/strong>. Aqu\u00ed se observ\u00f3 un fen\u00f3meno de migraci\u00f3n o selectividad: mientras el <strong>com\u00fan se desplom\u00f3 un 5,8%<\/strong>, el <strong>premium salt\u00f3 un 6,4%<\/strong>.<\/li>\n<\/ul>\n\n\n\n<blockquote class=\"wp-block-quote is-layout-flow wp-block-quote-is-layout-flow\">\n<p><strong>Nota clave:<\/strong> Aunque marzo mostr\u00f3 una suba del 7,3% respecto a febrero, esto es un &#8220;espejismo&#8221; estad\u00edstico por el calendario. Al medir el <strong>promedio de ventas diarias<\/strong>, el consumo en realidad <strong>cay\u00f3 un 3,1% mensual<\/strong>.<\/p>\n<\/blockquote>\n\n\n\n<hr class=\"wp-block-separator has-alpha-channel-opacity\"\/>\n\n\n\n<h3 class=\"wp-block-heading\">Market Share: YPF a Contramano del Mercado<\/h3>\n\n\n\n<p>En un contexto de retracci\u00f3n, la petrolera estatal logr\u00f3 fortalecer su posici\u00f3n, siendo la \u00fanica de las grandes operadoras en mostrar n\u00fameros verdes.El mercado de combustibles en Argentina cerr\u00f3 el primer trimestre de 2026 con se\u00f1ales de alerta. Seg\u00fan datos de la Secretar\u00eda de Energ\u00eda analizados por la consultora Politikon Chaco, el consumo total en marzo fue de <strong>1.394.360 m\u00b3<\/strong>, lo que marca una <strong>ca\u00edda interanual del 1,8%<\/strong>.<\/p>\n\n\n\n<p>Este retroceso consolida una tendencia negativa para el inicio del a\u00f1o, acumulando una baja del <strong>1,1%<\/strong> respecto al primer trimestre de 2025.<\/p>\n\n\n\n<hr class=\"wp-block-separator has-alpha-channel-opacity\"\/>\n\n\n\n<h3 class=\"wp-block-heading\">Radiograf\u00eda del Consumo: Naftas vs. Gasoil<\/h3>\n\n\n\n<p>Por primera vez en dos a\u00f1os, el segmento de las naftas mostr\u00f3 un desempe\u00f1o m\u00e1s d\u00e9bil que el del gasoil, sugiriendo que el ajuste est\u00e1 golpeando con mayor fuerza al usuario particular.<\/p>\n\n\n\n<ul class=\"wp-block-list\">\n<li><strong>Naftas:<\/strong> Cayeron un <strong>2,4%<\/strong> en total. La mayor p\u00e9rdida se dio en la <strong>nafta s\u00faper (-4,1%)<\/strong>, que no pudo ser compensada por el leve repunte de la <strong>premium (+2,7%)<\/strong>.<\/li>\n\n\n\n<li><strong>Gasoil:<\/strong> Registr\u00f3 una baja menor, del <strong>1,1%<\/strong>. Aqu\u00ed se observ\u00f3 un fen\u00f3meno de migraci\u00f3n o selectividad: mientras el <strong>com\u00fan se desplom\u00f3 un 5,8%<\/strong>, el <strong>premium salt\u00f3 un 6,4%<\/strong>.<\/li>\n<\/ul>\n\n\n\n<blockquote class=\"wp-block-quote is-layout-flow wp-block-quote-is-layout-flow\">\n<p><strong>Nota clave:<\/strong> Aunque marzo mostr\u00f3 una suba del 7,3% respecto a febrero, esto es un &#8220;espejismo&#8221; estad\u00edstico por el calendario. Al medir el <strong>promedio de ventas diarias<\/strong>, el consumo en realidad <strong>cay\u00f3 un 3,1% mensual<\/strong>.<\/p>\n<\/blockquote>\n\n\n\n<hr class=\"wp-block-separator has-alpha-channel-opacity\"\/>\n\n\n\n<h3 class=\"wp-block-heading\">Market Share: YPF a Contramano del Mercado<\/h3>\n\n\n\n<p>En un contexto de retracci\u00f3n, la petrolera estatal logr\u00f3 fortalecer su posici\u00f3n, siendo la \u00fanica de las grandes operadoras en mostrar n\u00fameros verdes.<\/p>\n\n\n\n<figure class=\"wp-block-table\"><table class=\"has-fixed-layout\"><thead><tr><td><strong>Empresa<\/strong><\/td><td><strong>Participaci\u00f3n de Mercado<\/strong><\/td><td><strong>Variaci\u00f3n Interanual<\/strong><\/td><\/tr><\/thead><tbody><tr><td><strong>YPF<\/strong><\/td><td>55,4%<\/td><td><strong>+1,0%<\/strong><\/td><\/tr><tr><td><strong>Shell<\/strong><\/td><td>22,9%<\/td><td>-3,8%<\/td><\/tr><tr><td><strong>Axion<\/strong><\/td><td>12,4%<\/td><td>-0,8%<\/td><\/tr><\/tbody><\/table><\/figure>\n\n\n\n<hr class=\"wp-block-separator has-alpha-channel-opacity\"\/>\n\n\n\n<h3 class=\"wp-block-heading\">Desempe\u00f1o Regional: Un Mapa Desigual<\/h3>\n\n\n\n<p>El impacto del consumo no fue uniforme en todo el pa\u00eds. Solo <strong>7 provincias<\/strong> lograron evadir la crisis, mientras que las otras 17 sufrieron ca\u00eddas considerables.<\/p>\n\n\n\n<p><strong>Los m\u00e1s afectados:<\/strong> El Norte Grande fue la regi\u00f3n m\u00e1s golpeada, con ca\u00eddas estrepitosas en <strong>Tucum\u00e1n (-18,3%)<\/strong>, <strong>La Rioja (-13,0%)<\/strong> y <strong>Salta (-12,1%)<\/strong>.<\/p>\n\n\n\n<p><strong>Los &#8220;ganadores&#8221;:<\/strong> La Pampa (+2,8%), San Juan (+2,5%) y R\u00edo Negro (+2,2%) encabezaron las subas.<\/p>\n","protected":false},"excerpt":{"rendered":"<p>El mercado de combustibles en Argentina cerr\u00f3 el primer trimestre de 2026 con se\u00f1ales de alerta. Seg\u00fan datos de la Secretar\u00eda de Energ\u00eda analizados por la consultora Politikon Chaco, el consumo total en marzo fue de 1.394.360 m\u00b3, lo que marca una ca\u00edda interanual del 1,8%. Este retroceso consolida una tendencia negativa para el inicio [&hellip;]<\/p>\n","protected":false},"author":2,"featured_media":3245,"comment_status":"closed","ping_status":"closed","sticky":false,"template":"","format":"standard","meta":{"footnotes":""},"categories":[9],"tags":[],"class_list":["post-3244","post","type-post","status-publish","format-standard","has-post-thumbnail","hentry","category-informacion-general"],"_links":{"self":[{"href":"https:\/\/plusmultimedios.com\/index.php?rest_route=\/wp\/v2\/posts\/3244","targetHints":{"allow":["GET"]}}],"collection":[{"href":"https:\/\/plusmultimedios.com\/index.php?rest_route=\/wp\/v2\/posts"}],"about":[{"href":"https:\/\/plusmultimedios.com\/index.php?rest_route=\/wp\/v2\/types\/post"}],"author":[{"embeddable":true,"href":"https:\/\/plusmultimedios.com\/index.php?rest_route=\/wp\/v2\/users\/2"}],"replies":[{"embeddable":true,"href":"https:\/\/plusmultimedios.com\/index.php?rest_route=%2Fwp%2Fv2%2Fcomments&post=3244"}],"version-history":[{"count":1,"href":"https:\/\/plusmultimedios.com\/index.php?rest_route=\/wp\/v2\/posts\/3244\/revisions"}],"predecessor-version":[{"id":3246,"href":"https:\/\/plusmultimedios.com\/index.php?rest_route=\/wp\/v2\/posts\/3244\/revisions\/3246"}],"wp:featuredmedia":[{"embeddable":true,"href":"https:\/\/plusmultimedios.com\/index.php?rest_route=\/wp\/v2\/media\/3245"}],"wp:attachment":[{"href":"https:\/\/plusmultimedios.com\/index.php?rest_route=%2Fwp%2Fv2%2Fmedia&parent=3244"}],"wp:term":[{"taxonomy":"category","embeddable":true,"href":"https:\/\/plusmultimedios.com\/index.php?rest_route=%2Fwp%2Fv2%2Fcategories&post=3244"},{"taxonomy":"post_tag","embeddable":true,"href":"https:\/\/plusmultimedios.com\/index.php?rest_route=%2Fwp%2Fv2%2Ftags&post=3244"}],"curies":[{"name":"wp","href":"https:\/\/api.w.org\/{rel}","templated":true}]}}