{"id":3265,"date":"2026-04-29T09:41:55","date_gmt":"2026-04-29T12:41:55","guid":{"rendered":"https:\/\/plusmultimedios.com\/?p=3265"},"modified":"2026-04-29T09:58:18","modified_gmt":"2026-04-29T12:58:18","slug":"escandalo-sanitario-removieron-al-director-de-la-region-sanitaria-ii-por-el-caso-de-la-falsa-medica","status":"publish","type":"post","link":"https:\/\/plusmultimedios.com\/?p=3265","title":{"rendered":"Esc\u00e1ndalo sanitario: removieron al director de la Regi\u00f3n Sanitaria II por el caso de la falsa m\u00e9dica"},"content":{"rendered":"\n<p>El esc\u00e1ndalo por la falsa m\u00e9dica que atend\u00eda en hospitales del interior chaque\u00f1o ya tuvo su primera consecuencia pol\u00edtica. El Gobierno del Chaco dej\u00f3 sin efecto la designaci\u00f3n de Orlando Di N\u00fabila al frente de la Regi\u00f3n Sanitaria II \u2013 Centro Chaque\u00f1a, en medio de la fuerte repercusi\u00f3n por el caso de Lidia Mabel Ojeda, la mujer acusada de ejercer ilegalmente la medicina con una matr\u00edcula ajena.<\/p>\n\n\n\n<p>La medida fue oficializada este mi\u00e9rcoles mediante la resoluci\u00f3n 768\/2026, firmada por el ministro de Salud, Sergio Rodr\u00edguez. En reemplazo de Di N\u00fabila asumi\u00f3 de manera transitoria David Oscar Pagano, quien adem\u00e1s continuar\u00e1 al frente de la Direcci\u00f3n General de Regiones Sanitarias.<\/p>\n\n\n\n<p>La salida de Di N\u00fabila se produjo d\u00edas despu\u00e9s de sus propias declaraciones p\u00fablicas sobre el caso, cuando reconoci\u00f3 que la falsa profesional lleg\u00f3 a firmar al menos diez actas de defunci\u00f3n y calific\u00f3 la situaci\u00f3n como una \u201cverg\u00fcenza nacional\u201d para el sistema sanitario provincial.<\/p>\n\n\n\n<p>El caso estall\u00f3 tras conocerse que Lidia Mabel Ojeda, de 43 a\u00f1os, se desempe\u00f1\u00f3 como m\u00e9dica de guardia en hospitales de Quitilipi y Presidencia de la Plaza utilizando una matr\u00edcula que no le pertenec\u00eda. La mujer fue detenida el lunes en Buenos Aires, luego de una orden de captura nacional, y qued\u00f3 a disposici\u00f3n de la Justicia.<\/p>\n\n\n\n<p>La investigaci\u00f3n est\u00e1 en manos del fiscal Marcelo Soto, quien lleva adelante una causa por presunta usurpaci\u00f3n de t\u00edtulos y posible ejercicio ilegal de la medicina. Mientras avanza el expediente judicial, el desplazamiento de Di N\u00fabila se convirti\u00f3 en el primer costo pol\u00edtico de un esc\u00e1ndalo que expuso graves fallas de control dentro del sistema de salud p\u00fablica del Chaco.<\/p>\n\n\n\n<p>El caso gener\u00f3 un fuerte impacto institucional y reaviv\u00f3 los cuestionamientos sobre los mecanismos de supervisi\u00f3n en hospitales p\u00fablicos, mientras desde distintos sectores reclaman una revisi\u00f3n urgente de los controles para evitar que un hecho similar vuelva a repetirse.<\/p>\n","protected":false},"excerpt":{"rendered":"<p>El esc\u00e1ndalo por la falsa m\u00e9dica que atend\u00eda en hospitales del interior chaque\u00f1o ya tuvo su primera consecuencia pol\u00edtica. El Gobierno del Chaco dej\u00f3 sin efecto la designaci\u00f3n de Orlando Di N\u00fabila al frente de la Regi\u00f3n Sanitaria II \u2013 Centro Chaque\u00f1a, en medio de la fuerte repercusi\u00f3n por el caso de Lidia Mabel Ojeda, [&hellip;]<\/p>\n","protected":false},"author":2,"featured_media":3268,"comment_status":"closed","ping_status":"closed","sticky":false,"template":"","format":"standard","meta":{"footnotes":""},"categories":[7],"tags":[],"class_list":["post-3265","post","type-post","status-publish","format-standard","has-post-thumbnail","hentry","category-actualidad"],"_links":{"self":[{"href":"https:\/\/plusmultimedios.com\/index.php?rest_route=\/wp\/v2\/posts\/3265","targetHints":{"allow":["GET"]}}],"collection":[{"href":"https:\/\/plusmultimedios.com\/index.php?rest_route=\/wp\/v2\/posts"}],"about":[{"href":"https:\/\/plusmultimedios.com\/index.php?rest_route=\/wp\/v2\/types\/post"}],"author":[{"embeddable":true,"href":"https:\/\/plusmultimedios.com\/index.php?rest_route=\/wp\/v2\/users\/2"}],"replies":[{"embeddable":true,"href":"https:\/\/plusmultimedios.com\/index.php?rest_route=%2Fwp%2Fv2%2Fcomments&post=3265"}],"version-history":[{"count":1,"href":"https:\/\/plusmultimedios.com\/index.php?rest_route=\/wp\/v2\/posts\/3265\/revisions"}],"predecessor-version":[{"id":3267,"href":"https:\/\/plusmultimedios.com\/index.php?rest_route=\/wp\/v2\/posts\/3265\/revisions\/3267"}],"wp:featuredmedia":[{"embeddable":true,"href":"https:\/\/plusmultimedios.com\/index.php?rest_route=\/wp\/v2\/media\/3268"}],"wp:attachment":[{"href":"https:\/\/plusmultimedios.com\/index.php?rest_route=%2Fwp%2Fv2%2Fmedia&parent=3265"}],"wp:term":[{"taxonomy":"category","embeddable":true,"href":"https:\/\/plusmultimedios.com\/index.php?rest_route=%2Fwp%2Fv2%2Fcategories&post=3265"},{"taxonomy":"post_tag","embeddable":true,"href":"https:\/\/plusmultimedios.com\/index.php?rest_route=%2Fwp%2Fv2%2Ftags&post=3265"}],"curies":[{"name":"wp","href":"https:\/\/api.w.org\/{rel}","templated":true}]}}