{"id":3272,"date":"2026-04-29T11:46:38","date_gmt":"2026-04-29T14:46:38","guid":{"rendered":"https:\/\/plusmultimedios.com\/?p=3272"},"modified":"2026-04-29T11:46:38","modified_gmt":"2026-04-29T14:46:38","slug":"el-valor-de-exportacion-de-la-carne-marco-un-maximo-historico-en-el-arranque-del-ano","status":"publish","type":"post","link":"https:\/\/plusmultimedios.com\/?p=3272","title":{"rendered":"El valor de exportaci\u00f3n de la carne marc\u00f3 un m\u00e1ximo hist\u00f3rico en el arranque del a\u00f1o"},"content":{"rendered":"\n<p>El precio de exportaci\u00f3n de la carne argentina alcanz\u00f3 un r\u00e9cord hist\u00f3rico durante el primer trimestre de 2026, en un contexto marcado por la suba de los valores internacionales y una menor oferta global provocada por factores clim\u00e1ticos. El fen\u00f3meno coincidi\u00f3 adem\u00e1s con un fuerte aumento en los precios internos, que tuvo impacto directo sobre la inflaci\u00f3n de los primeros meses del a\u00f1o.<\/p>\n\n\n\n<p>Seg\u00fan inform\u00f3 este lunes el INDEC, entre enero y marzo el valor de los productos exportados por la Argentina mostr\u00f3 una mejora general, aunque en el caso de la carne y sus preparados el salto fue mucho m\u00e1s pronunciado: el \u00edndice de precios alcanz\u00f3 su nivel m\u00e1s alto desde 1986, a\u00f1o en que comenz\u00f3 la serie oficial.<\/p>\n\n\n\n<p>Desde el sector frigor\u00edfico atribuyen esta escalada principalmente a una reducci\u00f3n de la oferta mundial. Miguel Schiariti, presidente de la C\u00e1mara de la Industria y Comercio de Carnes y Derivados (CICCRA), explic\u00f3 que las condiciones clim\u00e1ticas adversas en pa\u00edses productores como Estados Unidos, Brasil y la propia Argentina afectaron la producci\u00f3n y empujaron al alza los precios internacionales.<\/p>\n\n\n\n<p>Los datos del Banco Mundial respaldan esa tendencia. Entre mayo de 2025 y marzo de 2026, el precio internacional de la carne vacuna subi\u00f3 24,1%, al pasar de u$s6,62 a u$s8,21 por kilo. En paralelo, el INDEC registr\u00f3 que la carne refrigerada exportada por la Argentina se vendi\u00f3 a un promedio de u$s12.710 por tonelada durante el primer trimestre, lo que equivale a unos u$s12,7 por kilo y representa un incremento interanual del 33,7%.<\/p>\n\n\n\n<p>El encarecimiento externo tambi\u00e9n tuvo su correlato en el mercado local. Durante el arranque de 2026, la suba de la carne fue uno de los factores que m\u00e1s presion\u00f3 sobre el \u00edndice de inflaci\u00f3n. Analistas econ\u00f3micos se\u00f1alaron que el alza estuvo impulsada por la mejora en el precio de la hacienda en el mercado mayorista, en l\u00ednea con el repunte internacional, sumado a expectativas de mayores exportaciones y al actual ciclo ganadero argentino.<\/p>\n","protected":false},"excerpt":{"rendered":"<p>El precio de exportaci\u00f3n de la carne argentina alcanz\u00f3 un r\u00e9cord hist\u00f3rico durante el primer trimestre de 2026, en un contexto marcado por la suba de los valores internacionales y una menor oferta global provocada por factores clim\u00e1ticos. El fen\u00f3meno coincidi\u00f3 adem\u00e1s con un fuerte aumento en los precios internos, que tuvo impacto directo sobre [&hellip;]<\/p>\n","protected":false},"author":2,"featured_media":3273,"comment_status":"closed","ping_status":"closed","sticky":false,"template":"","format":"standard","meta":{"footnotes":""},"categories":[9],"tags":[],"class_list":["post-3272","post","type-post","status-publish","format-standard","has-post-thumbnail","hentry","category-informacion-general"],"_links":{"self":[{"href":"https:\/\/plusmultimedios.com\/index.php?rest_route=\/wp\/v2\/posts\/3272","targetHints":{"allow":["GET"]}}],"collection":[{"href":"https:\/\/plusmultimedios.com\/index.php?rest_route=\/wp\/v2\/posts"}],"about":[{"href":"https:\/\/plusmultimedios.com\/index.php?rest_route=\/wp\/v2\/types\/post"}],"author":[{"embeddable":true,"href":"https:\/\/plusmultimedios.com\/index.php?rest_route=\/wp\/v2\/users\/2"}],"replies":[{"embeddable":true,"href":"https:\/\/plusmultimedios.com\/index.php?rest_route=%2Fwp%2Fv2%2Fcomments&post=3272"}],"version-history":[{"count":1,"href":"https:\/\/plusmultimedios.com\/index.php?rest_route=\/wp\/v2\/posts\/3272\/revisions"}],"predecessor-version":[{"id":3274,"href":"https:\/\/plusmultimedios.com\/index.php?rest_route=\/wp\/v2\/posts\/3272\/revisions\/3274"}],"wp:featuredmedia":[{"embeddable":true,"href":"https:\/\/plusmultimedios.com\/index.php?rest_route=\/wp\/v2\/media\/3273"}],"wp:attachment":[{"href":"https:\/\/plusmultimedios.com\/index.php?rest_route=%2Fwp%2Fv2%2Fmedia&parent=3272"}],"wp:term":[{"taxonomy":"category","embeddable":true,"href":"https:\/\/plusmultimedios.com\/index.php?rest_route=%2Fwp%2Fv2%2Fcategories&post=3272"},{"taxonomy":"post_tag","embeddable":true,"href":"https:\/\/plusmultimedios.com\/index.php?rest_route=%2Fwp%2Fv2%2Ftags&post=3272"}],"curies":[{"name":"wp","href":"https:\/\/api.w.org\/{rel}","templated":true}]}}